{"id":491,"date":"2013-07-03T09:39:52","date_gmt":"2013-07-03T09:39:52","guid":{"rendered":"https:\/\/www.kscranegroup.com\/?post_type=posts&#038;p=491"},"modified":"2024-09-04T02:11:33","modified_gmt":"2024-09-04T02:11:33","slug":"1-set-workshop-gantry-crane-was-exported-to-south-africa","status":"publish","type":"posts","link":"https:\/\/www.kscranegroup.com\/de\/1-set-workshop-gantry-crane-exported-south-africa\/","title":{"rendered":"1 Satz Werkstatt-Portalkran wurde nach S\u00fcdafrika exportiert"},"content":{"rendered":"<div class=\"blog_content\">\n<div class=\"content_inp\">\n\n<\/div>\n<!--\n<div class=\"clear\"><\/div>\n-->\n<div class=\"squlist\">\n<div class=\"row\">\n<div class=\"sqtitle\">Technische Grundlagen Parameter\uff1a<\/div>\n<ul class=\"col-sm-6 col-xs-12\">\n \t<li>Tragf\u00e4higkeit: 3t<\/li>\n \t<li>Hubh\u00f6he: 3m<\/li>\n \t<li>Spannweite: 5m<\/li>\n<\/ul>\n<\/div>\n<\/div>\n<!-- squlist -->\n<div class=\"img_info\">\n<h3>Nr.1 - Haupttr\u00e4ger<\/h3>\n<img loading=\"lazy\" decoding=\"async\" width=\"600\" height=\"350\" class=\"alignnone size-full wp-image-2315\" src=\"\/wp-content\/uploads\/2017\/07\/No.1-\u2013-Main-Beam-1-600x350.jpg?w=600&amp;h=350\" alt=\"\" \/>\n<h3>Nr.2 - St\u00fctzbalken<\/h3>\n<img loading=\"lazy\" decoding=\"async\" width=\"600\" height=\"350\" class=\"alignnone size-full wp-image-2316\" src=\"\/wp-content\/uploads\/2017\/07\/No.2-\u2013-Support-Beam-600x350.jpg?w=600&amp;h=350\" alt=\"\" \/>\n<h3>Nr.3 - Erdungsbalken<\/h3>\n<img loading=\"lazy\" decoding=\"async\" width=\"600\" height=\"350\" class=\"alignnone size-full wp-image-2317\" src=\"\/wp-content\/uploads\/2017\/07\/No.3-Ground-Beam-600x350-1.jpg?w=600&amp;h=350\" alt=\"\" \/>\n<h3>Nr. 4 \u2013 Paket mit Werkstatt-Portalkran<\/h3>\n<img loading=\"lazy\" decoding=\"async\" width=\"600\" height=\"350\" class=\"alignnone size-full wp-image-2318\" src=\"\/wp-content\/uploads\/2017\/07\/No.4-Package-of-Workshop-Gantry-Crane-600x350.jpg?w=600&amp;h=350\" alt=\"\" \/>\n\n<\/div>\n<\/div>\n<!-- blog_content -->","protected":false},"excerpt":{"rendered":"Am 1. August 2012 exportierten wir 1 Satz Werkstatt-Portalkrane nach S\u00fcdafrika. Der Werkstattportalkran hat die Vorteile eines flexiblen, bequemen, leichten Eigengewichts, kleinen Volumens und eignet sich f\u00fcr den Einsatz in Werkst\u00e4tten im Innen- oder Au\u00dfenbereich. Er kann direkt auf dem Boden fahren und auch auf der Schiene fahren. Wenn Sie sie ben\u00f6tigen, kontaktieren Sie uns.","protected":false},"featured_media":1414,"parent":0,"menu_order":0,"template":"single-blog.php","posts_category":[15],"posts_tag":[16],"acf":[],"_links":{"self":[{"href":"https:\/\/www.kscranegroup.com\/de\/wp-json\/wp\/v2\/xmxposts\/491"}],"collection":[{"href":"https:\/\/www.kscranegroup.com\/de\/wp-json\/wp\/v2\/xmxposts"}],"about":[{"href":"https:\/\/www.kscranegroup.com\/de\/wp-json\/wp\/v2\/types\/posts"}],"version-history":[{"count":1,"href":"https:\/\/www.kscranegroup.com\/de\/wp-json\/wp\/v2\/xmxposts\/491\/revisions"}],"predecessor-version":[{"id":6033,"href":"https:\/\/www.kscranegroup.com\/de\/wp-json\/wp\/v2\/xmxposts\/491\/revisions\/6033"}],"wp:featuredmedia":[{"embeddable":true,"href":"https:\/\/www.kscranegroup.com\/de\/wp-json\/wp\/v2\/media\/1414"}],"wp:attachment":[{"href":"https:\/\/www.kscranegroup.com\/de\/wp-json\/wp\/v2\/media?parent=491"}],"wp:term":[{"taxonomy":"posts_category","embeddable":true,"href":"https:\/\/www.kscranegroup.com\/de\/wp-json\/wp\/v2\/posts_category?post=491"},{"taxonomy":"posts_tag","embeddable":true,"href":"https:\/\/www.kscranegroup.com\/de\/wp-json\/wp\/v2\/posts_tag?post=491"}],"curies":[{"name":"wp","href":"https:\/\/api.w.org\/{rel}","templated":true}]}}