{"id":11040,"date":"2026-01-26T09:03:00","date_gmt":"2026-01-26T09:03:00","guid":{"rendered":"https:\/\/www.kscranegroup.com\/?p=11040"},"modified":"2026-01-26T09:03:03","modified_gmt":"2026-01-26T09:03:03","slug":"forging-overhead-crane","status":"publish","type":"post","link":"https:\/\/www.kscranegroup.com\/tr\/forging-overhead-crane\/","title":{"rendered":"D\u00f6vme At\u00f6lyeleri \u0130\u00e7in G\u00fcvenilir Kald\u0131rma Ekipman\u0131: Tavan Vinci"},"content":{"rendered":"<p>D\u00f6vme at\u00f6lyelerinde kullan\u0131lan a\u011f\u0131r hizmet tipi tavan vinci, d\u00f6vme i\u015flemi s\u0131ras\u0131nda d\u00f6vme i\u015f par\u00e7alar\u0131n\u0131n kald\u0131r\u0131lmas\u0131, y\u00fck tamponlanmas\u0131 ve d\u00f6nd\u00fcr\u00fclmesi i\u00e7in tasarlanm\u0131\u015ft\u0131r ve d\u00f6vme at\u00f6lyelerindeki ba\u015fl\u0131ca kald\u0131rma ekipmanlar\u0131ndan biridir.<\/p>\n\n\n\n<p>Ger\u00e7ek \u00e7al\u0131\u015fma ko\u015fullar\u0131nda, bir d\u00f6vme tavan vincinin nominal \u00e7al\u0131\u015fma y\u00fck\u00fc, d\u00f6nd\u00fcrme tertibat\u0131n\u0131n toplam a\u011f\u0131rl\u0131\u011f\u0131 ve kald\u0131r\u0131lan maksimum d\u00f6vme i\u015f par\u00e7as\u0131n\u0131n a\u011f\u0131rl\u0131\u011f\u0131 olarak tan\u0131mlan\u0131r. Tasar\u0131m\u0131, y\u00fcksek y\u00fckler, y\u00fcksek darbe kuvvetleri ve y\u00fcksek \u00e7al\u0131\u015fma frekans\u0131 ile karakterize edilen d\u00f6vme i\u015flemlerinin gereksinimlerini kar\u015f\u0131lamaya odaklanm\u0131\u015ft\u0131r.<\/p>\n\n\n\n<p>Temel Teknik Parametreler:<\/p>\n\n\n\n<ul>\n<li><strong>Kald\u0131rma Kapasitesi:<\/strong> 180 t \u2013 550 t<\/li>\n\n\n\n<li><strong>Aral\u0131k:<\/strong> 24 m \u2013 33 m<\/li>\n\n\n\n<li><strong>Kald\u0131rma Y\u00fcksekli\u011fi:<\/strong> 17 m \u2013 28 m<\/li>\n\n\n\n<li><strong>\u00c7al\u0131\u015fma Ortam S\u0131cakl\u0131\u011f\u0131:<\/strong> -5 \u00b0C ila +50 \u00b0C<\/li>\n<\/ul>\n\n\n\n<figure class=\"wp-block-image size-full\"><img loading=\"lazy\" decoding=\"async\" width=\"2528\" height=\"2120\" src=\"https:\/\/www.kscranegroup.com\/wp-content\/uploads\/2026\/01\/Forging-Overhead-Crane1.jpg\" alt=\"\" class=\"wp-image-11042\" srcset=\"https:\/\/www.kscranegroup.com\/wp-content\/uploads\/2026\/01\/Forging-Overhead-Crane1.jpg 2528w, https:\/\/www.kscranegroup.com\/wp-content\/uploads\/2026\/01\/Forging-Overhead-Crane1-1536x1288.jpg 1536w, https:\/\/www.kscranegroup.com\/wp-content\/uploads\/2026\/01\/Forging-Overhead-Crane1-2048x1717.jpg 2048w\" sizes=\"(max-width: 2528px) 100vw, 2528px\" \/><\/figure>\n\n\n\n<p>D\u00f6vme at\u00f6lyelerinde kullan\u0131lan tavan vin\u00e7leri a\u011f\u0131rl\u0131kl\u0131 olarak \u00e7e\u015fitli d\u00f6vme at\u00f6lyelerinde kullan\u0131l\u0131r ve a\u015fa\u011f\u0131daki temel i\u015flevleri yerine getirir:<\/p>\n\n\n\n<ul>\n<li>D\u00f6vme i\u015f par\u00e7alar\u0131n\u0131n kald\u0131r\u0131lmas\u0131 ve ta\u015f\u0131nmas\u0131<\/li>\n\n\n\n<li>D\u00f6vme i\u015flemleri s\u0131ras\u0131nda y\u00fck tamponlamas\u0131<\/li>\n\n\n\n<li>Tornalama cihaz\u0131 ile i\u015fbirli\u011fi i\u00e7inde i\u015f par\u00e7alar\u0131n\u0131n tornalanmas\u0131na yard\u0131mc\u0131 olmak.<\/li>\n\n\n\n<li>S\u00fcrekli d\u00f6vme i\u015flemlerinin gereksinimlerini kar\u015f\u0131lamak<\/li>\n<\/ul>\n\n\n\n<p>Bu ekipman tipik olarak d\u00f6vme \u00fcretim hatlar\u0131nda \u00f6nemli bir proses vinci g\u00f6revi g\u00f6r\u00fcr ve d\u00f6vme i\u015flemine do\u011frudan kat\u0131l\u0131r.<\/p>\n\n\n\n<h2 class=\"wp-block-heading\">D\u00f6vme Tavan Vinci Yap\u0131sal Konfig\u00fcrasyonlar\u0131<\/h2>\n\n\n\n<div class=\"wp-block-columns is-layout-flex wp-container-core-columns-is-layout-1 wp-block-columns-is-layout-flex\">\n<div class=\"wp-block-column is-layout-flow wp-block-column-is-layout-flow\">\n<figure class=\"wp-block-image size-full\"><img loading=\"lazy\" decoding=\"async\" width=\"580\" height=\"421\" src=\"https:\/\/www.kscranegroup.com\/wp-content\/uploads\/2026\/01\/Forging-Overhead-Crane2.jpg\" alt=\"\" class=\"wp-image-11043\" style=\"aspect-ratio:4\/3;object-fit:cover\"\/><figcaption class=\"wp-element-caption\">\u00dc\u00e7 Kiri\u015fli D\u00f6rt Rayl\u0131 \u00c7ift Arabal\u0131 D\u00f6vme Tavan Vinci<\/figcaption><\/figure>\n\n\n\n<p>Bu, a\u015fa\u011f\u0131daki \u00f6zelliklere sahip, yayg\u0131n olarak kullan\u0131lan bir yap\u0131sal konfig\u00fcrasyondur:<\/p>\n\n\n\n<ul>\n<li>\u00dc\u00e7 kiri\u015fli, d\u00f6rt rayl\u0131 yap\u0131<\/li>\n\n\n\n<li>Ana ve yard\u0131mc\u0131 kald\u0131rma mekanizmalar\u0131 ayr\u0131 ana ve yard\u0131mc\u0131 arabalar \u00fczerine monte edilmi\u015ftir.<\/li>\n\n\n\n<li>Ana kanca ile yard\u0131mc\u0131 kanca aras\u0131ndaki mesafe, proses gereksinimlerine g\u00f6re ayarlanabilir.<\/li>\n\n\n\n<li>D\u00f6vme i\u015f par\u00e7as\u0131n\u0131n uzunlamas\u0131na y\u00f6n\u00fcn\u00fcn at\u00f6lye raylar\u0131na paralel oldu\u011fu \u00e7al\u0131\u015fma ko\u015fullar\u0131 i\u00e7in uygundur.<\/li>\n<\/ul>\n\n\n\n<p>Bu yap\u0131sal konfig\u00fcrasyon, d\u00f6vme i\u015flemleri s\u0131ras\u0131nda b\u00fcy\u00fck d\u00f6vme i\u015f par\u00e7alar\u0131n\u0131n istikrarl\u0131 bir \u015fekilde kald\u0131r\u0131lmas\u0131 ve d\u00f6nd\u00fcr\u00fclmesi gereksinimlerini etkili bir \u015fekilde kar\u015f\u0131lamaktad\u0131r.<\/p>\n<\/div>\n\n\n\n<div class=\"wp-block-column is-layout-flow wp-block-column-is-layout-flow\">\n<figure class=\"wp-block-image size-full\"><img loading=\"lazy\" decoding=\"async\" width=\"1024\" height=\"683\" src=\"https:\/\/www.kscranegroup.com\/wp-content\/uploads\/2026\/01\/Forging-Overhead-Crane3.jpg\" alt=\"\" class=\"wp-image-11044\" style=\"aspect-ratio:4\/3;object-fit:cover\"\/><figcaption class=\"wp-element-caption\">\u00c7ift Kiri\u015fli \u00c7ift Rayl\u0131 Tek Arabal\u0131 D\u00f6vme Tavan Vinci<\/figcaption><\/figure>\n\n\n\n<p>Bu konfig\u00fcrasyon, a\u015fa\u011f\u0131daki \u00f6zelliklere sahip kompakt bir yap\u0131 sunmaktad\u0131r:<\/p>\n\n\n\n<ul>\n<li>\u00c7ift kiri\u015fli, \u00e7ift rayl\u0131 yap\u0131<\/li>\n\n\n\n<li>Ana ve yard\u0131mc\u0131 kald\u0131rma mekanizmalar\u0131 ayn\u0131 araba \u00fczerine monte edilmi\u015ftir.<\/li>\n\n\n\n<li>D\u00f6vme i\u015flemi i\u00e7in uygundur; d\u00f6vme par\u00e7as\u0131n\u0131n ekseninin at\u00f6lye raylar\u0131na dik olarak yerle\u015ftirildi\u011fi ko\u015fullar i\u00e7in idealdir.<\/li>\n<\/ul>\n\n\n\n<p>Bu yap\u0131, d\u00f6vme i\u015flemi gereksinimlerini kar\u015f\u0131larken, ekipman yerle\u015fimini ve alan kullan\u0131m\u0131n\u0131 optimize etmek a\u00e7\u0131s\u0131ndan da faydal\u0131d\u0131r.<\/p>\n<\/div>\n<\/div>\n\n\n\n<h2 class=\"wp-block-heading\" id=\"_Xxjbw7x1\">KUANGSHAN D\u00f6vme Tavan Vinci Teknik Gereksinimleri<\/h2>\n\n\n\n<p>D\u00f6vme y\u00f6ntemiyle \u00fcretilen tavan vincinin tasar\u0131m\u0131, imalat\u0131, montaj\u0131 ve test edilmesi ulusal end\u00fcstri standard\u0131na uygundur. <a href=\"https:\/\/std.samr.gov.cn\/hb\/search\/stdHBDetailed?id=8B1827F198A1BB19E05397BE0A0AB44A\" target=\"_blank\" rel=\"noreferrer noopener\">JB\/T 7688.3-2008, \u300aD\u00f6vme Vin\u00e7\u300b<\/a> ve a\u015fa\u011f\u0131daki teknik gereksinimleri kar\u015f\u0131lamal\u0131d\u0131r.<\/p>\n\n\n\n<h3 class=\"wp-block-heading\" id=\"_3swkPkqv\">Genel Gereksinimler<\/h3>\n\n\n\n<ul>\n<li>Nominal \u00e7al\u0131\u015fma y\u00fck\u00fc, tornalama cihaz\u0131n\u0131n a\u011f\u0131rl\u0131\u011f\u0131 ve kald\u0131r\u0131lan maksimum d\u00f6vme i\u015f par\u00e7as\u0131n\u0131n a\u011f\u0131rl\u0131\u011f\u0131n\u0131n toplam\u0131d\u0131r.<\/li>\n\n\n\n<li>Ana ve yard\u0131mc\u0131 arabalar normalde koordineli olarak \u00e7al\u0131\u015f\u0131r, ancak y\u00fckleri ba\u011f\u0131ms\u0131z olarak kald\u0131rmalar\u0131na da izin verilir.<\/li>\n\n\n\n<li>Vincin statik y\u00fck test y\u00fck\u00fc, nominal \u00e7al\u0131\u015fma y\u00fck\u00fcn\u00fcn 1,4 kat\u0131d\u0131r.<\/li>\n\n\n\n<li>Vincin dinamik y\u00fck testi y\u00fck\u00fc, nominal \u00e7al\u0131\u015fma y\u00fck\u00fcn\u00fcn 1,2 kat\u0131d\u0131r.<\/li>\n<\/ul>\n\n\n\n<p>Testlerden sonra a\u015fa\u011f\u0131daki \u015fartlar\u0131n yerine getirilmesi gerekmektedir:<\/p>\n\n\n\n<ul>\n<li>Ana y\u00fck ta\u015f\u0131y\u0131c\u0131 yap\u0131sal bile\u015fenlerde \u00e7atlak veya kal\u0131c\u0131 deformasyon yok.<\/li>\n\n\n\n<li>Ba\u011flant\u0131 noktalar\u0131nda gev\u015feme veya hasar yok.<\/li>\n\n\n\n<li>Fren sistemleri ve g\u00fcvenlik cihazlar\u0131 hassas ve g\u00fcvenilir bir \u015fekilde \u00e7al\u0131\u015f\u0131r.<\/li>\n<\/ul>\n\n\n\n<h3 class=\"wp-block-heading\" id=\"_MRHbtxv9\">Kald\u0131rma Mekanizmas\u0131 Y\u00fck Tamponlama ve Fren B\u0131rakma Cihaz\u0131 (Ana Araba)<\/h3>\n\n\n\n<ul>\n<li>\u00d6zel bir y\u00fck tamponlama ve fren b\u0131rakma cihaz\u0131 mevcuttur.<\/li>\n\n\n\n<li>Tamponlama cihaz\u0131n\u0131n malzemeleri, yay tipleri ve mekanik \u00f6zellikleri ilgili ulusal standartlara uygundur.<\/li>\n\n\n\n<li>Y\u00fck, nominal kald\u0131rma kapasitesinin 1,1 kat\u0131n\u0131 a\u015ft\u0131\u011f\u0131nda fren serbest b\u0131rak\u0131l\u0131r ve kald\u0131rma mekanizmas\u0131 a\u015fa\u011f\u0131 do\u011fru hareket eder.<\/li>\n<\/ul>\n\n\n\n<h3 class=\"wp-block-heading\" id=\"_p86r7Rpa\">Kanca Cihazlar\u0131<\/h3>\n\n\n\n<p>Ana Kanca Tertibat\u0131: Kanca malzemesi, mekanik \u00f6zellikler a\u00e7\u0131s\u0131ndan ulusal standart gereksinimlerini kar\u015f\u0131lamaktad\u0131r. Kanca bo\u011faz\u0131nda kancan\u0131n \u00e7\u0131kmas\u0131n\u0131 \u00f6nleyici bir cihaz bulunmakta ve kanca a\u00e7\u0131kl\u0131\u011f\u0131na de\u011fi\u015ftirilebilir a\u015f\u0131nmaya dayan\u0131kl\u0131 bir kanca astar\u0131 tak\u0131lm\u0131\u015ft\u0131r.<\/p>\n\n\n\n<p>Yard\u0131mc\u0131 Kanca Tertibat\u0131: Y\u00fck tamponlama tertibat\u0131 ile donat\u0131lm\u0131\u015ft\u0131r. Kanca malzemesi ve mekanik \u00f6zellikleri ana kancan\u0131nkilerle ayn\u0131d\u0131r.<\/p>\n\n\n\n<h3 class=\"wp-block-heading\" id=\"_xuHwgkeL\">D\u00f6nd\u00fcrme Cihaz\u0131<\/h3>\n\n\n\n<p>D\u00f6nd\u00fcrme tertibat\u0131, d\u00f6vme vincinin \u00f6nemli bir proses bile\u015fenidir. Ba\u015fl\u0131ca teknik gereksinimleri \u015funlard\u0131r:<\/p>\n\n\n\n<ul>\n<li>D\u00f6nd\u00fcrme tertibat\u0131 ile kanca ask\u0131 mili aras\u0131na a\u015f\u0131nmaya dayan\u0131kl\u0131 bur\u00e7lar yerle\u015ftirilmi\u015ftir.<\/li>\n\n\n\n<li>Bir tamponlama ayg\u0131t\u0131 y\u00fcklendi.<\/li>\n\n\n\n<li>D\u00f6nd\u00fcrme tertibat\u0131 \u00e7er\u00e7evesinin, di\u015flilerinin ve zincirlerinin mekanik \u00f6zellikleri ilgili ulusal standartlara uygundur.<\/li>\n\n\n\n<li>D\u00f6nd\u00fcrme mekanizmas\u0131, tork s\u0131n\u0131rlama koruma cihaz\u0131 ile donat\u0131lm\u0131\u015ft\u0131r.<\/li>\n<\/ul>\n\n\n\n<h3 class=\"wp-block-heading\" id=\"_kvctHblk\">Operat\u00f6r Kabini<\/h3>\n\n\n\n<ul>\n<li>Operat\u00f6r kabini \u0131s\u0131 yal\u0131t\u0131m\u0131 ile donat\u0131lm\u0131\u015ft\u0131r.<\/li>\n\n\n\n<li>Kabin, vincin g\u00f6vdesine g\u00fcvenli ve sa\u011flam bir \u015fekilde ba\u011flanm\u0131\u015ft\u0131r.<\/li>\n\n\n\n<li>Ba\u011flant\u0131 noktalar\u0131nda tamponlama elemanlar\u0131 sa\u011flanm\u0131\u015ft\u0131r.<\/li>\n<\/ul>\n\n\n\n<h3 class=\"wp-block-heading\" id=\"_UkBEA9SE\">Montaj Gereksinimleri<\/h3>\n\n\n\n<ul>\n<li>Kald\u0131rma mekanizmas\u0131 tamponlama tertibat\u0131n\u0131n yaylar\u0131 tutarl\u0131 bir performans sergiliyor ve \u00f6n y\u00fckleme belirtilen gereksinimleri kar\u015f\u0131l\u0131yor.<\/li>\n\n\n\n<li>Ayarlamadan sonra t\u00fcm ba\u011flant\u0131 noktalar\u0131 esnek bir \u015fekilde \u00e7al\u0131\u015f\u0131r.<\/li>\n\n\n\n<li>D\u00f6nme mekanizmas\u0131n\u0131n zinciri di\u015flilerle d\u00fczg\u00fcn bir \u015fekilde kenetlenir.<\/li>\n\n\n\n<li>Tork s\u0131n\u0131rlama cihaz\u0131 belirtilen de\u011fere ayarlan\u0131r.<\/li>\n<\/ul>\n\n\n\n<h3 class=\"wp-block-heading\" id=\"_Nvz754i3\">G\u00fcvenlik Gereksinimleri<\/h3>\n\n\n\n<ul>\n<li>Ana kald\u0131rma mekanizmas\u0131, a\u015f\u0131r\u0131 y\u00fcklenmeyi \u00f6nlemek i\u00e7in bir fren b\u0131rakma koruma cihaz\u0131 ile donat\u0131lm\u0131\u015ft\u0131r.<\/li>\n\n\n\n<li>D\u00f6nd\u00fcrme mekanizmas\u0131 tork s\u0131n\u0131rlama korumas\u0131 ile donat\u0131lm\u0131\u015ft\u0131r.<\/li>\n\n\n\n<li>D\u00f6vme ekipman\u0131n\u0131n \u00f6rs\u00fc i\u015f par\u00e7as\u0131ndan ayr\u0131lmad\u0131\u011f\u0131 s\u00fcrece, d\u00f6v\u00fclm\u00fc\u015f i\u015f par\u00e7alar\u0131n\u0131n kald\u0131r\u0131lmas\u0131 veya d\u00f6nd\u00fcr\u00fclmesi yasakt\u0131r.<\/li>\n<\/ul>\n\n\n\n<h3 class=\"wp-block-heading\" id=\"_tCIvU0u8\">Ya\u011flama Gereksinimleri<\/h3>\n\n\n\n<ul>\n<li>T\u00fcm zincir pim ba\u011flant\u0131 noktalar\u0131na ya\u011flama gresi uygulanmal\u0131d\u0131r.<\/li>\n\n\n\n<li>Di\u011fer ya\u011flama gereksinimleri JB\/T 7688.1\u20132008 standard\u0131na uygun olmal\u0131d\u0131r.<\/li>\n<\/ul>","protected":false},"excerpt":{"rendered":"D\u00f6vme tavan vinci, d\u00f6vme at\u00f6lyeleri i\u00e7in tasarlanm\u0131\u015f a\u011f\u0131r hizmet tipi bir tavan vincidir. Esas olarak d\u00f6vme i\u015flemi s\u0131ras\u0131nda d\u00f6vme i\u015f par\u00e7alar\u0131n\u0131n kald\u0131r\u0131lmas\u0131, y\u00fck tamponlamas\u0131 ve d\u00f6nd\u00fcr\u00fclmesi i\u00e7in kullan\u0131l\u0131r ve d\u00f6vme at\u00f6lyelerindeki ba\u015fl\u0131ca kald\u0131rma ekipmanlar\u0131ndan biridir. Ger\u00e7ek \u00e7al\u0131\u015fma ko\u015fullar\u0131nda, bir d\u00f6vme tavan vincinin nominal \u00e7al\u0131\u015fma y\u00fck\u00fc [\u2026]","protected":false},"author":3,"featured_media":11042,"parent":1266,"comment_status":"open","ping_status":"open","sticky":false,"template":"single-cranes.php","format":"standard","meta":{"_acf_changed":false,"pgc_sgb_lightbox_settings":"","footnotes":""},"categories":[32],"tags":[737],"acf":[],"_links":{"self":[{"href":"https:\/\/www.kscranegroup.com\/tr\/wp-json\/wp\/v2\/posts\/11040"}],"collection":[{"href":"https:\/\/www.kscranegroup.com\/tr\/wp-json\/wp\/v2\/posts"}],"about":[{"href":"https:\/\/www.kscranegroup.com\/tr\/wp-json\/wp\/v2\/types\/post"}],"author":[{"embeddable":true,"href":"https:\/\/www.kscranegroup.com\/tr\/wp-json\/wp\/v2\/users\/3"}],"replies":[{"embeddable":true,"href":"https:\/\/www.kscranegroup.com\/tr\/wp-json\/wp\/v2\/comments?post=11040"}],"version-history":[{"count":3,"href":"https:\/\/www.kscranegroup.com\/tr\/wp-json\/wp\/v2\/posts\/11040\/revisions"}],"predecessor-version":[{"id":11074,"href":"https:\/\/www.kscranegroup.com\/tr\/wp-json\/wp\/v2\/posts\/11040\/revisions\/11074"}],"up":[{"embeddable":true,"href":"https:\/\/www.kscranegroup.com\/tr\/wp-json\/wp\/v2\/posts\/1266"}],"wp:featuredmedia":[{"embeddable":true,"href":"https:\/\/www.kscranegroup.com\/tr\/wp-json\/wp\/v2\/media\/11042"}],"wp:attachment":[{"href":"https:\/\/www.kscranegroup.com\/tr\/wp-json\/wp\/v2\/media?parent=11040"}],"wp:term":[{"taxonomy":"category","embeddable":true,"href":"https:\/\/www.kscranegroup.com\/tr\/wp-json\/wp\/v2\/categories?post=11040"},{"taxonomy":"post_tag","embeddable":true,"href":"https:\/\/www.kscranegroup.com\/tr\/wp-json\/wp\/v2\/tags?post=11040"}],"curies":[{"name":"wp","href":"https:\/\/api.w.org\/{rel}","templated":true}]}}