{"id":1490,"date":"2017-08-26T07:38:08","date_gmt":"2017-08-26T07:38:08","guid":{"rendered":"https:\/\/www.kscranegroup.com\/?post_type=posts&#038;p=1490"},"modified":"2024-09-04T02:30:56","modified_gmt":"2024-09-04T02:30:56","slug":"25t-lh-double-girder-overhead-crane-steel-structure-exported-nigeria","status":"publish","type":"posts","link":"https:\/\/www.kscranegroup.com\/tr\/25t-lh-double-girder-overhead-crane-steel-structure-exported-nigeria\/","title":{"rendered":"25t LH \u00c7ift Kiri\u015fli Gezer K\u00f6pr\u00fcl\u00fc Vin\u00e7 ve \u00c7elik Yap\u0131 Nijerya&#39;ya ihra\u00e7 edildi"},"content":{"rendered":"<div class=\"blog_content\">\n<div class=\"content_inp\">\n\n10 Ocak 2015&#39;te Nijerya&#39;ya 25 tonluk LH \u00c7ift Kiri\u015fli K\u00f6pr\u00fcl\u00fc Vin\u00e7 ve uyumlu \u00e7elik yap\u0131 ihra\u00e7 ettik. Bu 25 tonluk k\u00f6pr\u00fcl\u00fc vin\u00e7 m\u00fc\u015fterimizin yeni at\u00f6lyesinde kullan\u0131lacak. Ana kiri\u015fin alt\u0131nda 6.484 m y\u00fcksekli\u011finde bir makine oldu\u011fundan, m\u00fc\u015fterimiz ana kiri\u015fin y\u00fcksekli\u011fi konusunda kat\u0131 bir gereksinime sahip. M\u00fc\u015fterimiz ve m\u00fchendisimizle detayl\u0131 bir g\u00f6r\u00fc\u015fmeden sonra, m\u00fc\u015fteri i\u00e7in yeni bir tasar\u0131m yapt\u0131k. M\u00fc\u015fteriye 6 m \u00e7elik ayak kolonu teklif ettik, 700*300 seyahat kiri\u015fi ve P38 raylar kulland\u0131k. Ayr\u0131ca, ana kiri\u015fin y\u00fcksekli\u011fini k\u0131saltmak i\u00e7in \u00f6zel bir araba kulland\u0131k. Son olarak, tasar\u0131m\u0131m\u0131z m\u00fc\u015fterinin 6,05 m kald\u0131rma y\u00fcksekli\u011fi ve ana kiri\u015fin alt\u0131nda 6,9 m&#39;den fazla y\u00fckseklik gereksinimini kar\u015f\u0131l\u0131yor. G\u00f6r\u00fc\u015fme s\u0131ras\u0131nda, herhangi bir \u00f6zel gereksiniminiz varsa l\u00fctfen do\u011frudan bize bildirin, gereksiniminizi pratik bir tasar\u0131ma d\u00f6n\u00fc\u015ft\u00fcrmek i\u00e7in elimizden gelenin en iyisini yapaca\u011f\u0131z.\n\n<\/div>\n<div class=\"squlist\">\n<div class=\"row\">\n<div class=\"sqtitle\">Temel Teknik Parametre \uff1a<\/div>\n<ul class=\"col-sm-6 col-xs-12\">\n \t<li>Kald\u0131rma Kapasitesi: 25t<\/li>\n \t<li>Kald\u0131rma Y\u00fcksekli\u011fi: 6.05m<\/li>\n \t<li>A\u00e7\u0131kl\u0131k: 7m<\/li>\n \t<li>Kald\u0131rma H\u0131z\u0131: 2,7 m \/ dak<\/li>\n \t<li>Tamamen \u00c7elik Yap\u0131 Teklifi<\/li>\n \t<li>Kald\u0131rma Kal\u0131b\u0131<\/li>\n \t<li>Kiri\u015f Y\u00fcksekli\u011fi 6,9 m&#39;den fazla<\/li>\n \t<li>Seyahat Uzunlu\u011fu: 31m<\/li>\n \t<li>G\u00fc\u00e7: 380v, 50hz, 3ac<\/li>\n<\/ul>\n<\/div>\n<\/div>\n<!-- squlist -->\n<div class=\"img_info\">\n<h3>25t Arabas\u0131<\/h3>\n<img loading=\"lazy\" decoding=\"async\" src=\"https:\/\/www.kscranegroup.com\/wp-content\/uploads\/2017\/08\/2.-25t-Trolley-650x350.jpg\" alt=\"\" width=\"650\" height=\"350\" class=\"alignnone size-full wp-image-2373\" \/>\n<h3>Seyahat Kiri\u015fi ve \u00c7elik Stand S\u00fctunu<\/h3>\n<img loading=\"lazy\" decoding=\"async\" src=\"https:\/\/www.kscranegroup.com\/wp-content\/uploads\/2017\/08\/3.-Travel-Beam-Steel-Stand-Column-1-650x350.jpg\" alt=\"\" width=\"650\" height=\"350\" class=\"alignnone size-full wp-image-2374\" \/>\n<h3>Takviye Yap\u0131s\u0131<\/h3>\n<img loading=\"lazy\" decoding=\"async\" src=\"https:\/\/www.kscranegroup.com\/wp-content\/uploads\/2017\/08\/4.-Reinforcement-Structure-650x350.jpg\" alt=\"\" width=\"650\" height=\"350\" class=\"alignnone size-full wp-image-2375\" \/>\n<h3>Ana Kiri\u015f, U\u00e7 Kiri\u015f, Platform ve 25t Araban\u0131n Y\u00fck\u00fc<\/h3>\n<img loading=\"lazy\" decoding=\"async\" src=\"https:\/\/www.kscranegroup.com\/wp-content\/uploads\/2017\/08\/5.-Load-of-Main-Beam-End-Beam-Platform-and-25t-Trolley-3-650x350.jpg\" alt=\"\" width=\"650\" height=\"350\" class=\"alignnone size-full wp-image-2376\" \/>\n\n<\/div>\n<\/div>\n<!-- blog_content -->","protected":false},"excerpt":{"rendered":"Bu 25 tonluk tavan vinci, m\u00fc\u015fterimizin yeni at\u00f6lyesinde kullan\u0131lacakt\u0131r. Ana kiri\u015fin alt\u0131nda 6.484m y\u00fcksekli\u011finde bir makine oldu\u011fu i\u00e7in, m\u00fc\u015fterimiz uzun kiri\u015fin y\u00fcksekli\u011fine s\u0131k\u0131 s\u0131k\u0131ya gereksinim duyar.","protected":false},"featured_media":1491,"parent":0,"menu_order":0,"template":"single-blog.php","posts_category":[15],"posts_tag":[],"acf":[],"_links":{"self":[{"href":"https:\/\/www.kscranegroup.com\/tr\/wp-json\/wp\/v2\/xmxposts\/1490"}],"collection":[{"href":"https:\/\/www.kscranegroup.com\/tr\/wp-json\/wp\/v2\/xmxposts"}],"about":[{"href":"https:\/\/www.kscranegroup.com\/tr\/wp-json\/wp\/v2\/types\/posts"}],"version-history":[{"count":1,"href":"https:\/\/www.kscranegroup.com\/tr\/wp-json\/wp\/v2\/xmxposts\/1490\/revisions"}],"predecessor-version":[{"id":6061,"href":"https:\/\/www.kscranegroup.com\/tr\/wp-json\/wp\/v2\/xmxposts\/1490\/revisions\/6061"}],"wp:featuredmedia":[{"embeddable":true,"href":"https:\/\/www.kscranegroup.com\/tr\/wp-json\/wp\/v2\/media\/1491"}],"wp:attachment":[{"href":"https:\/\/www.kscranegroup.com\/tr\/wp-json\/wp\/v2\/media?parent=1490"}],"wp:term":[{"taxonomy":"posts_category","embeddable":true,"href":"https:\/\/www.kscranegroup.com\/tr\/wp-json\/wp\/v2\/posts_category?post=1490"},{"taxonomy":"posts_tag","embeddable":true,"href":"https:\/\/www.kscranegroup.com\/tr\/wp-json\/wp\/v2\/posts_tag?post=1490"}],"curies":[{"name":"wp","href":"https:\/\/api.w.org\/{rel}","templated":true}]}}